{"id":1014,"date":"2018-10-16T14:28:49","date_gmt":"2018-10-16T12:28:49","guid":{"rendered":"http:\/\/theodorabauer.at\/?p=1014"},"modified":"2018-10-16T14:28:49","modified_gmt":"2018-10-16T12:28:49","slug":"lesung-in-maria-ellend","status":"publish","type":"post","link":"https:\/\/theodorabauer.at\/?p=1014","title":{"rendered":"Lesung in Maria Ellend"},"content":{"rendered":"<p style=\"text-align: justify;\">Meine Lesung in Maria Ellend fand zwar nicht direkt in der &#8222;B\u00fccheria&#8220; statt (sie ist momentan wegen eines Wasserschadens f\u00fcr Veranstaltungen leider nicht nutzbar), aber dennoch blieben wir im selben Geb\u00e4ude.<\/p>\n<p style=\"text-align: justify;\"><a href=\"http:\/\/theodorabauer.at\/wp-content\/uploads\/foto-maria-ellend.jpg\"><img loading=\"lazy\" decoding=\"async\" class=\"alignnone size-large wp-image-1015\" src=\"http:\/\/theodorabauer.at\/wp-content\/uploads\/foto-maria-ellend-770x1024.jpg\" alt=\"foto maria ellend\" width=\"770\" height=\"1024\" srcset=\"https:\/\/theodorabauer.at\/wp-content\/uploads\/foto-maria-ellend-770x1024.jpg 770w, https:\/\/theodorabauer.at\/wp-content\/uploads\/foto-maria-ellend-226x300.jpg 226w, https:\/\/theodorabauer.at\/wp-content\/uploads\/foto-maria-ellend.jpg 1161w\" sizes=\"(max-width: 770px) 100vw, 770px\" \/><\/a><\/p>\n<p style=\"text-align: justify;\">Bemerkenswert waren f\u00fcr mich an diesem Abend die besonders rege Publikumsdiskussion und mit wieviel Leidenschaft die \u00f6rtliche B\u00fccherei gef\u00fchrt wird! Das BV\u00d6-Projekt &#8222;Geschichte an Geschichten&#8220; hat mich wieder einmal an einen \u00e4u\u00dferst spannenden Ort gef\u00fchrt.<\/p>\n<p style=\"text-align: justify;\">***<\/p>\n","protected":false},"excerpt":{"rendered":"<p class=\"excerpt\">Meine Lesung in Maria Ellend fand zwar nicht direkt in der &#8222;B\u00fccheria&#8220; statt (sie ist momentan wegen eines Wasserschadens f\u00fcr Veranstaltungen leider nicht nutzbar), aber dennoch blieben wir im selben Geb\u00e4ude. Bemerkenswert waren f\u00fcr mich an diesem Abend die besonders rege Publikumsdiskussion und mit wieviel Leidenschaft die \u00f6rtliche B\u00fccherei gef\u00fchrt wird! Das BV\u00d6-Projekt &#8222;Geschichte an Geschichten&#8220; hat mich wieder einmal&hellip; <a href=\"https:\/\/theodorabauer.at\/?p=1014\">Read more &rarr;<\/a><\/p>\n","protected":false},"author":2,"featured_media":1015,"comment_status":"closed","ping_status":"open","sticky":false,"template":"","format":"standard","meta":{"footnotes":""},"categories":[1],"tags":[],"_links":{"self":[{"href":"https:\/\/theodorabauer.at\/index.php?rest_route=\/wp\/v2\/posts\/1014"}],"collection":[{"href":"https:\/\/theodorabauer.at\/index.php?rest_route=\/wp\/v2\/posts"}],"about":[{"href":"https:\/\/theodorabauer.at\/index.php?rest_route=\/wp\/v2\/types\/post"}],"author":[{"embeddable":true,"href":"https:\/\/theodorabauer.at\/index.php?rest_route=\/wp\/v2\/users\/2"}],"replies":[{"embeddable":true,"href":"https:\/\/theodorabauer.at\/index.php?rest_route=%2Fwp%2Fv2%2Fcomments&post=1014"}],"version-history":[{"count":1,"href":"https:\/\/theodorabauer.at\/index.php?rest_route=\/wp\/v2\/posts\/1014\/revisions"}],"predecessor-version":[{"id":1016,"href":"https:\/\/theodorabauer.at\/index.php?rest_route=\/wp\/v2\/posts\/1014\/revisions\/1016"}],"wp:featuredmedia":[{"embeddable":true,"href":"https:\/\/theodorabauer.at\/index.php?rest_route=\/wp\/v2\/media\/1015"}],"wp:attachment":[{"href":"https:\/\/theodorabauer.at\/index.php?rest_route=%2Fwp%2Fv2%2Fmedia&parent=1014"}],"wp:term":[{"taxonomy":"category","embeddable":true,"href":"https:\/\/theodorabauer.at\/index.php?rest_route=%2Fwp%2Fv2%2Fcategories&post=1014"},{"taxonomy":"post_tag","embeddable":true,"href":"https:\/\/theodorabauer.at\/index.php?rest_route=%2Fwp%2Fv2%2Ftags&post=1014"}],"curies":[{"name":"wp","href":"https:\/\/api.w.org\/{rel}","templated":true}]}}