{"id":1017,"date":"2018-10-16T14:36:38","date_gmt":"2018-10-16T12:36:38","guid":{"rendered":"http:\/\/theodorabauer.at\/?p=1017"},"modified":"2018-10-16T14:36:38","modified_gmt":"2018-10-16T12:36:38","slug":"jugendkulturtage-praesentation-im-pulverturm","status":"publish","type":"post","link":"https:\/\/theodorabauer.at\/?p=1017","title":{"rendered":"Jugendkulturtage: Pr\u00e4sentation im Pulverturm"},"content":{"rendered":"<p>Die Teilnehmerinnen und Teilnehmer der Jugendkulturtage 2018 durften ihre Werke ein zweites Mal pr\u00e4sentieren, und zwar am 6.10.18, also zur Langen Nacht der Museen, im Pulverturm in Eisenstadt.<\/p>\n<figure id=\"attachment_1018\" aria-describedby=\"caption-attachment-1018\" style=\"width: 764px\" class=\"wp-caption alignnone\"><a href=\"http:\/\/theodorabauer.at\/wp-content\/uploads\/Foto-Pulverturm.jpg\"><img loading=\"lazy\" decoding=\"async\" class=\"size-large wp-image-1018\" src=\"http:\/\/theodorabauer.at\/wp-content\/uploads\/Foto-Pulverturm-764x1024.jpg\" alt=\"In neuer Bomberjacke und etwas ratlos angesichts der fehlenden Soundanlage im Pulverturm in Eisenstadt\" width=\"764\" height=\"1024\" srcset=\"https:\/\/theodorabauer.at\/wp-content\/uploads\/Foto-Pulverturm-764x1024.jpg 764w, https:\/\/theodorabauer.at\/wp-content\/uploads\/Foto-Pulverturm-224x300.jpg 224w, https:\/\/theodorabauer.at\/wp-content\/uploads\/Foto-Pulverturm.jpg 1504w\" sizes=\"(max-width: 764px) 100vw, 764px\" \/><\/a><figcaption id=\"caption-attachment-1018\" class=\"wp-caption-text\">In neuer Bomberjacke und etwas ratlos angesichts der fehlenden Soundanlage im Pulverturm in Eisenstadt<\/figcaption><\/figure>\n<p style=\"text-align: justify;\">Es war ein sehr anregender &#8211; aber zu meinem gro\u00dfen Leidwesen mikrofonloser &#8211; Abend. Hut ab vor meinen Schreibkids und ihren Deklamationsk\u00fcnsten! Ihr habt die balkonige B\u00fchnensituation absolut gerockt.<\/p>\n<p style=\"text-align: center;\">***<\/p>\n","protected":false},"excerpt":{"rendered":"<p class=\"excerpt\">Die Teilnehmerinnen und Teilnehmer der Jugendkulturtage 2018 durften ihre Werke ein zweites Mal pr\u00e4sentieren, und zwar am 6.10.18, also zur Langen Nacht der Museen, im Pulverturm in Eisenstadt. Es war ein sehr anregender &#8211; aber zu meinem gro\u00dfen Leidwesen mikrofonloser &#8211; Abend. Hut ab vor meinen Schreibkids und ihren Deklamationsk\u00fcnsten! Ihr habt die balkonige B\u00fchnensituation absolut gerockt. *** <a href=\"https:\/\/theodorabauer.at\/?p=1017\">Read more &rarr;<\/a><\/p>\n","protected":false},"author":2,"featured_media":1018,"comment_status":"closed","ping_status":"open","sticky":false,"template":"","format":"standard","meta":{"footnotes":""},"categories":[1],"tags":[],"_links":{"self":[{"href":"https:\/\/theodorabauer.at\/index.php?rest_route=\/wp\/v2\/posts\/1017"}],"collection":[{"href":"https:\/\/theodorabauer.at\/index.php?rest_route=\/wp\/v2\/posts"}],"about":[{"href":"https:\/\/theodorabauer.at\/index.php?rest_route=\/wp\/v2\/types\/post"}],"author":[{"embeddable":true,"href":"https:\/\/theodorabauer.at\/index.php?rest_route=\/wp\/v2\/users\/2"}],"replies":[{"embeddable":true,"href":"https:\/\/theodorabauer.at\/index.php?rest_route=%2Fwp%2Fv2%2Fcomments&post=1017"}],"version-history":[{"count":1,"href":"https:\/\/theodorabauer.at\/index.php?rest_route=\/wp\/v2\/posts\/1017\/revisions"}],"predecessor-version":[{"id":1019,"href":"https:\/\/theodorabauer.at\/index.php?rest_route=\/wp\/v2\/posts\/1017\/revisions\/1019"}],"wp:featuredmedia":[{"embeddable":true,"href":"https:\/\/theodorabauer.at\/index.php?rest_route=\/wp\/v2\/media\/1018"}],"wp:attachment":[{"href":"https:\/\/theodorabauer.at\/index.php?rest_route=%2Fwp%2Fv2%2Fmedia&parent=1017"}],"wp:term":[{"taxonomy":"category","embeddable":true,"href":"https:\/\/theodorabauer.at\/index.php?rest_route=%2Fwp%2Fv2%2Fcategories&post=1017"},{"taxonomy":"post_tag","embeddable":true,"href":"https:\/\/theodorabauer.at\/index.php?rest_route=%2Fwp%2Fv2%2Ftags&post=1017"}],"curies":[{"name":"wp","href":"https:\/\/api.w.org\/{rel}","templated":true}]}}