{"id":1020,"date":"2018-10-16T14:42:39","date_gmt":"2018-10-16T12:42:39","guid":{"rendered":"http:\/\/theodorabauer.at\/?p=1020"},"modified":"2018-10-16T14:42:39","modified_gmt":"2018-10-16T12:42:39","slug":"eroeffnung-buchwochen-im-oho","status":"publish","type":"post","link":"https:\/\/theodorabauer.at\/?p=1020","title":{"rendered":"Er\u00f6ffnung Buchwochen im OHO"},"content":{"rendered":"<p style=\"text-align: justify;\">Angesichts der Er\u00f6ffnung der Buchwochen im OHO durfte ich im Rahmen einer mehr als hochkar\u00e4tig besetzten Veranstaltung die Er\u00f6ffnungsrede halten. Peter Wagner zeigte Ausschnitte aus seiner Oper &#8222;Rattensturm&#8220;, die Mitwirkenden der Buchwochen 2018 gaben einen Ausblick auf das Programm der folgenden Tage. Den kr\u00f6nenden Abschluss bildete eine ausgesprochen angeregt gef\u00fchrte Diskussionsrunde mit Anneliese Rohrer, Franz Glaser und Josef Cap.<\/p>\n<p><a href=\"http:\/\/theodorabauer.at\/wp-content\/uploads\/Foto-OHO.jpg\"><img loading=\"lazy\" decoding=\"async\" class=\"alignnone size-large wp-image-1021\" src=\"http:\/\/theodorabauer.at\/wp-content\/uploads\/Foto-OHO-768x1024.jpg\" alt=\"Foto OHO\" width=\"768\" height=\"1024\" srcset=\"https:\/\/theodorabauer.at\/wp-content\/uploads\/Foto-OHO-768x1024.jpg 768w, https:\/\/theodorabauer.at\/wp-content\/uploads\/Foto-OHO-225x300.jpg 225w, https:\/\/theodorabauer.at\/wp-content\/uploads\/Foto-OHO.jpg 1512w\" sizes=\"(max-width: 768px) 100vw, 768px\" \/><\/a><\/p>\n<p style=\"text-align: center;\">Diese Veranstaltung war wirklich ein Erlebnis!<\/p>\n<p style=\"text-align: center;\">***<\/p>\n","protected":false},"excerpt":{"rendered":"<p class=\"excerpt\">Angesichts der Er\u00f6ffnung der Buchwochen im OHO durfte ich im Rahmen einer mehr als hochkar\u00e4tig besetzten Veranstaltung die Er\u00f6ffnungsrede halten. Peter Wagner zeigte Ausschnitte aus seiner Oper &#8222;Rattensturm&#8220;, die Mitwirkenden der Buchwochen 2018 gaben einen Ausblick auf das Programm der folgenden Tage. Den kr\u00f6nenden Abschluss bildete eine ausgesprochen angeregt gef\u00fchrte Diskussionsrunde mit Anneliese Rohrer, Franz Glaser und Josef Cap. Diese&hellip; <a href=\"https:\/\/theodorabauer.at\/?p=1020\">Read more &rarr;<\/a><\/p>\n","protected":false},"author":2,"featured_media":1021,"comment_status":"closed","ping_status":"open","sticky":false,"template":"","format":"standard","meta":{"footnotes":""},"categories":[1],"tags":[],"_links":{"self":[{"href":"https:\/\/theodorabauer.at\/index.php?rest_route=\/wp\/v2\/posts\/1020"}],"collection":[{"href":"https:\/\/theodorabauer.at\/index.php?rest_route=\/wp\/v2\/posts"}],"about":[{"href":"https:\/\/theodorabauer.at\/index.php?rest_route=\/wp\/v2\/types\/post"}],"author":[{"embeddable":true,"href":"https:\/\/theodorabauer.at\/index.php?rest_route=\/wp\/v2\/users\/2"}],"replies":[{"embeddable":true,"href":"https:\/\/theodorabauer.at\/index.php?rest_route=%2Fwp%2Fv2%2Fcomments&post=1020"}],"version-history":[{"count":1,"href":"https:\/\/theodorabauer.at\/index.php?rest_route=\/wp\/v2\/posts\/1020\/revisions"}],"predecessor-version":[{"id":1022,"href":"https:\/\/theodorabauer.at\/index.php?rest_route=\/wp\/v2\/posts\/1020\/revisions\/1022"}],"wp:featuredmedia":[{"embeddable":true,"href":"https:\/\/theodorabauer.at\/index.php?rest_route=\/wp\/v2\/media\/1021"}],"wp:attachment":[{"href":"https:\/\/theodorabauer.at\/index.php?rest_route=%2Fwp%2Fv2%2Fmedia&parent=1020"}],"wp:term":[{"taxonomy":"category","embeddable":true,"href":"https:\/\/theodorabauer.at\/index.php?rest_route=%2Fwp%2Fv2%2Fcategories&post=1020"},{"taxonomy":"post_tag","embeddable":true,"href":"https:\/\/theodorabauer.at\/index.php?rest_route=%2Fwp%2Fv2%2Ftags&post=1020"}],"curies":[{"name":"wp","href":"https:\/\/api.w.org\/{rel}","templated":true}]}}