{"id":1024,"date":"2018-10-16T15:22:09","date_gmt":"2018-10-16T13:22:09","guid":{"rendered":"http:\/\/theodorabauer.at\/?p=1024"},"modified":"2018-10-16T15:22:09","modified_gmt":"2018-10-16T13:22:09","slug":"literatour-frankfurter-buchmesse-spezial","status":"publish","type":"post","link":"https:\/\/theodorabauer.at\/?p=1024","title":{"rendered":"literaTOUR: Frankfurter Buchmesse Spezial"},"content":{"rendered":"<p style=\"text-align: justify;\">Zwei Tage lang drehten wir von fr\u00fch bis sp\u00e4t und, voil\u00e0: Eine wundersch\u00f6ne Sondersendung zur Frankfurter Buchmesse ist herausgekommen!<\/p>\n<p style=\"text-align: justify;\">Ich habe mit Sebastian Fitzek, Verena Rossbacher, Rita Falk, Alex Beer, Sebastian 23, Nana Ekvtimishvili und Eleonore B\u00fcning gesprochen, die alle sehr unterschiedliche und sehr interessante B\u00fccher geschrieben haben.<\/p>\n<figure id=\"attachment_1025\" aria-describedby=\"caption-attachment-1025\" style=\"width: 848px\" class=\"wp-caption alignnone\"><a href=\"http:\/\/theodorabauer.at\/wp-content\/uploads\/frafu-1.jpg\"><img loading=\"lazy\" decoding=\"async\" class=\"size-large wp-image-1025\" src=\"http:\/\/theodorabauer.at\/wp-content\/uploads\/frafu-1-1024x1024.jpg\" alt=\"Ich vor dem B\u00fccherbus\" width=\"848\" height=\"848\" srcset=\"https:\/\/theodorabauer.at\/wp-content\/uploads\/frafu-1-1024x1024.jpg 1024w, https:\/\/theodorabauer.at\/wp-content\/uploads\/frafu-1-150x150.jpg 150w, https:\/\/theodorabauer.at\/wp-content\/uploads\/frafu-1-300x300.jpg 300w, https:\/\/theodorabauer.at\/wp-content\/uploads\/frafu-1-100x100.jpg 100w, https:\/\/theodorabauer.at\/wp-content\/uploads\/frafu-1.jpg 1812w\" sizes=\"(max-width: 848px) 100vw, 848px\" \/><\/a><figcaption id=\"caption-attachment-1025\" class=\"wp-caption-text\">Ich vor dem B\u00fccherbus<\/figcaption><\/figure>\n<p>Die Sendung ist nach wie vor hier abzurufen: <a href=\"https:\/\/www.servus.com\/at\/p\/Frankfurter-Buchmesse-Spezial\/AA-1VVDV9JC92112\/\">Frankfurter Buchmesse Spezial<\/a><\/p>\n<p>Diesen Donnerstag wird sie au\u00dferdem um 23:55 auf ServusTV wiederholt.<\/p>\n<p style=\"text-align: center;\">***<\/p>\n","protected":false},"excerpt":{"rendered":"<p class=\"excerpt\">Zwei Tage lang drehten wir von fr\u00fch bis sp\u00e4t und, voil\u00e0: Eine wundersch\u00f6ne Sondersendung zur Frankfurter Buchmesse ist herausgekommen! Ich habe mit Sebastian Fitzek, Verena Rossbacher, Rita Falk, Alex Beer, Sebastian 23, Nana Ekvtimishvili und Eleonore B\u00fcning gesprochen, die alle sehr unterschiedliche und sehr interessante B\u00fccher geschrieben haben. Die Sendung ist nach wie vor hier abzurufen: Frankfurter Buchmesse Spezial Diesen&hellip; <a href=\"https:\/\/theodorabauer.at\/?p=1024\">Read more &rarr;<\/a><\/p>\n","protected":false},"author":2,"featured_media":1025,"comment_status":"closed","ping_status":"open","sticky":false,"template":"","format":"standard","meta":{"footnotes":""},"categories":[1],"tags":[],"_links":{"self":[{"href":"https:\/\/theodorabauer.at\/index.php?rest_route=\/wp\/v2\/posts\/1024"}],"collection":[{"href":"https:\/\/theodorabauer.at\/index.php?rest_route=\/wp\/v2\/posts"}],"about":[{"href":"https:\/\/theodorabauer.at\/index.php?rest_route=\/wp\/v2\/types\/post"}],"author":[{"embeddable":true,"href":"https:\/\/theodorabauer.at\/index.php?rest_route=\/wp\/v2\/users\/2"}],"replies":[{"embeddable":true,"href":"https:\/\/theodorabauer.at\/index.php?rest_route=%2Fwp%2Fv2%2Fcomments&post=1024"}],"version-history":[{"count":1,"href":"https:\/\/theodorabauer.at\/index.php?rest_route=\/wp\/v2\/posts\/1024\/revisions"}],"predecessor-version":[{"id":1026,"href":"https:\/\/theodorabauer.at\/index.php?rest_route=\/wp\/v2\/posts\/1024\/revisions\/1026"}],"wp:featuredmedia":[{"embeddable":true,"href":"https:\/\/theodorabauer.at\/index.php?rest_route=\/wp\/v2\/media\/1025"}],"wp:attachment":[{"href":"https:\/\/theodorabauer.at\/index.php?rest_route=%2Fwp%2Fv2%2Fmedia&parent=1024"}],"wp:term":[{"taxonomy":"category","embeddable":true,"href":"https:\/\/theodorabauer.at\/index.php?rest_route=%2Fwp%2Fv2%2Fcategories&post=1024"},{"taxonomy":"post_tag","embeddable":true,"href":"https:\/\/theodorabauer.at\/index.php?rest_route=%2Fwp%2Fv2%2Ftags&post=1024"}],"curies":[{"name":"wp","href":"https:\/\/api.w.org\/{rel}","templated":true}]}}