{"id":1366,"date":"2019-11-05T14:09:44","date_gmt":"2019-11-05T13:09:44","guid":{"rendered":"http:\/\/theodorabauer.at\/?p=1366"},"modified":"2019-11-05T14:10:34","modified_gmt":"2019-11-05T13:10:34","slug":"lesung-in-szombathely","status":"publish","type":"post","link":"https:\/\/theodorabauer.at\/?p=1366","title":{"rendered":"Lesung in Szombathely"},"content":{"rendered":"\n<p>Auf Einladung der ELTE-Universit\u00e4t in Szombathely und der dortigen \u00d6sterreich-Bibliothek las ich am 18.10.2019 in der Stadt: und zwar sowohl im Rahmen der \u00d6sterreich-Liest-Woche, als auch anl\u00e4sslich eines Festaktes zum 60-j\u00e4hrigen Bestehen des ELTE-Campus in Szombathely. <\/p>\n\n\n\n<p>Sowohl der Empfang durch die Damen vom Deutsch-Departement der Uni, als auch durch die Direktorin des \u00d6sterreichischen Kulturforums in Budapest, Mag.a Regina Rusz, war ausgesprochen nett. Immer gerne wieder!<\/p>\n\n\n\n<div class=\"wp-block-image\"><figure class=\"aligncenter is-resized\"><img loading=\"lazy\" decoding=\"async\" src=\"http:\/\/theodorabauer.at\/wp-content\/uploads\/Lesung-Szombathely.jpg\" alt=\"\" class=\"wp-image-1367\" width=\"533\" height=\"400\" srcset=\"https:\/\/theodorabauer.at\/wp-content\/uploads\/Lesung-Szombathely.jpg 960w, https:\/\/theodorabauer.at\/wp-content\/uploads\/Lesung-Szombathely-300x225.jpg 300w, https:\/\/theodorabauer.at\/wp-content\/uploads\/Lesung-Szombathely-768x576.jpg 768w\" sizes=\"(max-width: 533px) 100vw, 533px\" \/><figcaption>Foto: Team der \u00d6sterreich-Bibliothek Szombathely<\/figcaption><\/figure><\/div>\n\n\n\n<p style=\"text-align:center\"> ***<\/p>\n","protected":false},"excerpt":{"rendered":"<p class=\"excerpt\">Auf Einladung der ELTE-Universit\u00e4t in Szombathely und der dortigen \u00d6sterreich-Bibliothek las ich am 18.10.2019 in der Stadt: und zwar sowohl im Rahmen der \u00d6sterreich-Liest-Woche, als auch anl\u00e4sslich eines Festaktes zum 60-j\u00e4hrigen Bestehen des ELTE-Campus in Szombathely. Sowohl der Empfang durch die Damen vom Deutsch-Departement der Uni, als auch durch die Direktorin des \u00d6sterreichischen Kulturforums in Budapest, Mag.a Regina Rusz, war&hellip; <a href=\"https:\/\/theodorabauer.at\/?p=1366\">Read more &rarr;<\/a><\/p>\n","protected":false},"author":2,"featured_media":1367,"comment_status":"closed","ping_status":"closed","sticky":false,"template":"","format":"standard","meta":{"footnotes":""},"categories":[1],"tags":[],"_links":{"self":[{"href":"https:\/\/theodorabauer.at\/index.php?rest_route=\/wp\/v2\/posts\/1366"}],"collection":[{"href":"https:\/\/theodorabauer.at\/index.php?rest_route=\/wp\/v2\/posts"}],"about":[{"href":"https:\/\/theodorabauer.at\/index.php?rest_route=\/wp\/v2\/types\/post"}],"author":[{"embeddable":true,"href":"https:\/\/theodorabauer.at\/index.php?rest_route=\/wp\/v2\/users\/2"}],"replies":[{"embeddable":true,"href":"https:\/\/theodorabauer.at\/index.php?rest_route=%2Fwp%2Fv2%2Fcomments&post=1366"}],"version-history":[{"count":2,"href":"https:\/\/theodorabauer.at\/index.php?rest_route=\/wp\/v2\/posts\/1366\/revisions"}],"predecessor-version":[{"id":1370,"href":"https:\/\/theodorabauer.at\/index.php?rest_route=\/wp\/v2\/posts\/1366\/revisions\/1370"}],"wp:featuredmedia":[{"embeddable":true,"href":"https:\/\/theodorabauer.at\/index.php?rest_route=\/wp\/v2\/media\/1367"}],"wp:attachment":[{"href":"https:\/\/theodorabauer.at\/index.php?rest_route=%2Fwp%2Fv2%2Fmedia&parent=1366"}],"wp:term":[{"taxonomy":"category","embeddable":true,"href":"https:\/\/theodorabauer.at\/index.php?rest_route=%2Fwp%2Fv2%2Fcategories&post=1366"},{"taxonomy":"post_tag","embeddable":true,"href":"https:\/\/theodorabauer.at\/index.php?rest_route=%2Fwp%2Fv2%2Ftags&post=1366"}],"curies":[{"name":"wp","href":"https:\/\/api.w.org\/{rel}","templated":true}]}}