{"id":1510,"date":"2020-12-05T18:24:17","date_gmt":"2020-12-05T17:24:17","guid":{"rendered":"http:\/\/theodorabauer.at\/?p=1510"},"modified":"2020-12-05T18:30:53","modified_gmt":"2020-12-05T17:30:53","slug":"die-enthuellung-neues-stueck-frei-zur-urauffuehrung","status":"publish","type":"post","link":"https:\/\/theodorabauer.at\/?p=1510","title":{"rendered":"&#8222;Die Enth\u00fcllung&#8220;: Neues St\u00fcck frei zur Urauff\u00fchrung!"},"content":{"rendered":"\n<p>Ab sofort ist mein neues St\u00fcck &#8222;Die Enth\u00fcllung&#8220; frei zur Urauff\u00fchrung! Der Titel bezieht sich auf die Apokalypse des Johannes am Ende des Neuen Testaments &#8211; denn Apokalypse bedeutet auf Altgriechisch nichts anderes als &#8222;Die Enth\u00fcllung&#8220;. <\/p>\n\n\n\n<div class=\"wp-block-image\"><figure class=\"aligncenter is-resized\"><img loading=\"lazy\" decoding=\"async\" src=\"http:\/\/theodorabauer.at\/wp-content\/uploads\/f1-1024x1024.jpg\" alt=\"\" class=\"wp-image-1513\" width=\"500\" height=\"500\" srcset=\"https:\/\/theodorabauer.at\/wp-content\/uploads\/f1-1024x1024.jpg 1024w, https:\/\/theodorabauer.at\/wp-content\/uploads\/f1-150x150.jpg 150w, https:\/\/theodorabauer.at\/wp-content\/uploads\/f1-300x300.jpg 300w, https:\/\/theodorabauer.at\/wp-content\/uploads\/f1-768x768.jpg 768w, https:\/\/theodorabauer.at\/wp-content\/uploads\/f1-100x100.jpg 100w, https:\/\/theodorabauer.at\/wp-content\/uploads\/f1.jpg 1080w\" sizes=\"(max-width: 500px) 100vw, 500px\" \/><figcaption>Die gl\u00fcckliche Autorin<\/figcaption><\/figure><\/div>\n\n\n\n<p>Wie es im Factsheet hei\u00dft: &#8220; Im Zentrum stehen weniger religi\u00f6se  \u00dcberlegungen als vielmehr die Frage nach der Verantwortung des  Sehenden, des Beobachters, des Chronisten seiner Zeit. Mit einem Wort:  der Intellektuellen, der K\u00fcnstlerin, nicht  zuletzt der  Schriftstellerin. Gen\u00fcgt es, scharf zu beobachten, die  Wahrheit zu sagen, gesellschaftliche Situationen ungesch\u00f6nt zu zeigen? Ist die  Wahrheit an sich \u00fcberhaupt noch eine politische Kategorie? Und ist das  Wort genug? Oder braucht es mehr \u2013 t\u00e4tliches \u2013 politisches Engagement?&#8220; <\/p>\n\n\n\n<ul class=\"wp-block-gallery aligncenter columns-2 is-cropped wp-block-gallery-1 is-layout-flex wp-block-gallery-is-layout-flex\"><li class=\"blocks-gallery-item\"><figure><img loading=\"lazy\" decoding=\"async\" width=\"1024\" height=\"1024\" src=\"http:\/\/theodorabauer.at\/wp-content\/uploads\/f2-1024x1024.jpg\" alt=\"\" data-id=\"1511\" data-link=\"http:\/\/theodorabauer.at\/?attachment_id=1511\" class=\"wp-image-1511\" srcset=\"https:\/\/theodorabauer.at\/wp-content\/uploads\/f2-1024x1024.jpg 1024w, https:\/\/theodorabauer.at\/wp-content\/uploads\/f2-150x150.jpg 150w, https:\/\/theodorabauer.at\/wp-content\/uploads\/f2-300x300.jpg 300w, https:\/\/theodorabauer.at\/wp-content\/uploads\/f2-768x768.jpg 768w, https:\/\/theodorabauer.at\/wp-content\/uploads\/f2-100x100.jpg 100w, https:\/\/theodorabauer.at\/wp-content\/uploads\/f2.jpg 1080w\" sizes=\"(max-width: 1024px) 100vw, 1024px\" \/><figcaption>Der Katalog<\/figcaption><\/figure><\/li><li class=\"blocks-gallery-item\"><figure><img loading=\"lazy\" decoding=\"async\" width=\"1024\" height=\"1024\" src=\"http:\/\/theodorabauer.at\/wp-content\/uploads\/f3-1024x1024.jpg\" alt=\"\" data-id=\"1512\" data-link=\"http:\/\/theodorabauer.at\/?attachment_id=1512\" class=\"wp-image-1512\" srcset=\"https:\/\/theodorabauer.at\/wp-content\/uploads\/f3-1024x1024.jpg 1024w, https:\/\/theodorabauer.at\/wp-content\/uploads\/f3-150x150.jpg 150w, https:\/\/theodorabauer.at\/wp-content\/uploads\/f3-300x300.jpg 300w, https:\/\/theodorabauer.at\/wp-content\/uploads\/f3-768x768.jpg 768w, https:\/\/theodorabauer.at\/wp-content\/uploads\/f3-100x100.jpg 100w, https:\/\/theodorabauer.at\/wp-content\/uploads\/f3.jpg 1080w\" sizes=\"(max-width: 1024px) 100vw, 1024px\" \/><figcaption>Das Factsheet<\/figcaption><\/figure><\/li><\/ul>\n\n\n\n<p>Verlegt ist es wie meine anderen Theaterarbeiten beim wunderbaren <a href=\"https:\/\/www.schultzundschirm.com\/\">Schultz &amp; Schirm &#8211; B\u00fchnenverlag<\/a>.<\/p>\n\n\n\n<p style=\"text-align:center\">***<\/p>\n","protected":false},"excerpt":{"rendered":"<p class=\"excerpt\">Ab sofort ist mein neues St\u00fcck &#8222;Die Enth\u00fcllung&#8220; frei zur Urauff\u00fchrung! Der Titel bezieht sich auf die Apokalypse des Johannes am Ende des Neuen Testaments &#8211; denn Apokalypse bedeutet auf Altgriechisch nichts anderes als &#8222;Die Enth\u00fcllung&#8220;. Wie es im Factsheet hei\u00dft: &#8220; Im Zentrum stehen weniger religi\u00f6se \u00dcberlegungen als vielmehr die Frage nach der Verantwortung des Sehenden, des Beobachters, des&hellip; <a href=\"https:\/\/theodorabauer.at\/?p=1510\">Read more &rarr;<\/a><\/p>\n","protected":false},"author":2,"featured_media":1513,"comment_status":"closed","ping_status":"closed","sticky":false,"template":"","format":"standard","meta":{"footnotes":""},"categories":[1],"tags":[],"_links":{"self":[{"href":"https:\/\/theodorabauer.at\/index.php?rest_route=\/wp\/v2\/posts\/1510"}],"collection":[{"href":"https:\/\/theodorabauer.at\/index.php?rest_route=\/wp\/v2\/posts"}],"about":[{"href":"https:\/\/theodorabauer.at\/index.php?rest_route=\/wp\/v2\/types\/post"}],"author":[{"embeddable":true,"href":"https:\/\/theodorabauer.at\/index.php?rest_route=\/wp\/v2\/users\/2"}],"replies":[{"embeddable":true,"href":"https:\/\/theodorabauer.at\/index.php?rest_route=%2Fwp%2Fv2%2Fcomments&post=1510"}],"version-history":[{"count":2,"href":"https:\/\/theodorabauer.at\/index.php?rest_route=\/wp\/v2\/posts\/1510\/revisions"}],"predecessor-version":[{"id":1521,"href":"https:\/\/theodorabauer.at\/index.php?rest_route=\/wp\/v2\/posts\/1510\/revisions\/1521"}],"wp:featuredmedia":[{"embeddable":true,"href":"https:\/\/theodorabauer.at\/index.php?rest_route=\/wp\/v2\/media\/1513"}],"wp:attachment":[{"href":"https:\/\/theodorabauer.at\/index.php?rest_route=%2Fwp%2Fv2%2Fmedia&parent=1510"}],"wp:term":[{"taxonomy":"category","embeddable":true,"href":"https:\/\/theodorabauer.at\/index.php?rest_route=%2Fwp%2Fv2%2Fcategories&post=1510"},{"taxonomy":"post_tag","embeddable":true,"href":"https:\/\/theodorabauer.at\/index.php?rest_route=%2Fwp%2Fv2%2Ftags&post=1510"}],"curies":[{"name":"wp","href":"https:\/\/api.w.org\/{rel}","templated":true}]}}