{"id":1859,"date":"2023-02-21T13:03:25","date_gmt":"2023-02-21T12:03:25","guid":{"rendered":"http:\/\/theodorabauer.at\/?p=1859"},"modified":"2023-09-14T15:28:50","modified_gmt":"2023-09-14T13:28:50","slug":"orf-burgenland-die-schreibende-familie-bauer","status":"publish","type":"post","link":"https:\/\/theodorabauer.at\/?p=1859","title":{"rendered":"ORF Burgenland: &#8222;Die schreibende Familie Bauer&#8220;"},"content":{"rendered":"<p>Als &#8222;schreibende Familie Bauer&#8220; trat ich unl\u00e4ngst gemeinsam mit meinen emsigen Eltern vor die Kamera: Mein Vater, der ehemalige Landesbeamte, hat nicht nur einen Leithaf\u00fchrer verfasst, sondern sich auch am Krimigenre versucht &#8211; w\u00e4hrend meine Mutter sich schon seit l\u00e4ngerer Zeit und durchaus erfolgreich im Rahmen der Lyrik hervortut.<\/p>\n<p style=\"text-align: center;\"><img loading=\"lazy\" decoding=\"async\" class=\" wp-image-1915 aligncenter\" src=\"http:\/\/theodorabauer.at\/wp-content\/uploads\/sfb-1-849x1024.jpg\" alt=\"\" width=\"578\" height=\"697\" srcset=\"https:\/\/theodorabauer.at\/wp-content\/uploads\/sfb-1-849x1024.jpg 849w, https:\/\/theodorabauer.at\/wp-content\/uploads\/sfb-1-249x300.jpg 249w, https:\/\/theodorabauer.at\/wp-content\/uploads\/sfb-1-768x926.jpg 768w, https:\/\/theodorabauer.at\/wp-content\/uploads\/sfb-1-1274x1536.jpg 1274w, https:\/\/theodorabauer.at\/wp-content\/uploads\/sfb-1.jpg 1440w\" sizes=\"(max-width: 578px) 100vw, 578px\" \/><\/p>\n<p>Michaela Fr\u00fchst\u00fcck hat einen wunderbaren Beitrag gestaltet, der in Burgenland Heute gesendet wurde, und gemeinsam mit uns eine Stunde lang f\u00fcr ORF Burgenland Extra gesprochen. Leider sind die Originalbeitr\u00e4ge nicht mehr abrufbar, aber <a href=\"https:\/\/burgenland.orf.at\/magazin\/stories\/3192859\/\">hier<\/a> findet ihr eine schriftliche Zusammenfassung.<\/p>\n<p style=\"text-align: center;\">***<\/p>\n","protected":false},"excerpt":{"rendered":"<p class=\"excerpt\">Als &#8222;schreibende Familie Bauer&#8220; trat ich unl\u00e4ngst gemeinsam mit meinen emsigen Eltern vor die Kamera: Mein Vater, der ehemalige Landesbeamte, hat nicht nur einen Leithaf\u00fchrer verfasst, sondern sich auch am Krimigenre versucht &#8211; w\u00e4hrend meine Mutter sich schon seit l\u00e4ngerer Zeit und durchaus erfolgreich im Rahmen der Lyrik hervortut. Michaela Fr\u00fchst\u00fcck hat einen wunderbaren Beitrag gestaltet, der in Burgenland Heute&hellip; <a href=\"https:\/\/theodorabauer.at\/?p=1859\">Read more &rarr;<\/a><\/p>\n","protected":false},"author":2,"featured_media":1915,"comment_status":"closed","ping_status":"closed","sticky":false,"template":"","format":"standard","meta":{"footnotes":""},"categories":[1],"tags":[],"_links":{"self":[{"href":"https:\/\/theodorabauer.at\/index.php?rest_route=\/wp\/v2\/posts\/1859"}],"collection":[{"href":"https:\/\/theodorabauer.at\/index.php?rest_route=\/wp\/v2\/posts"}],"about":[{"href":"https:\/\/theodorabauer.at\/index.php?rest_route=\/wp\/v2\/types\/post"}],"author":[{"embeddable":true,"href":"https:\/\/theodorabauer.at\/index.php?rest_route=\/wp\/v2\/users\/2"}],"replies":[{"embeddable":true,"href":"https:\/\/theodorabauer.at\/index.php?rest_route=%2Fwp%2Fv2%2Fcomments&post=1859"}],"version-history":[{"count":4,"href":"https:\/\/theodorabauer.at\/index.php?rest_route=\/wp\/v2\/posts\/1859\/revisions"}],"predecessor-version":[{"id":1917,"href":"https:\/\/theodorabauer.at\/index.php?rest_route=\/wp\/v2\/posts\/1859\/revisions\/1917"}],"wp:featuredmedia":[{"embeddable":true,"href":"https:\/\/theodorabauer.at\/index.php?rest_route=\/wp\/v2\/media\/1915"}],"wp:attachment":[{"href":"https:\/\/theodorabauer.at\/index.php?rest_route=%2Fwp%2Fv2%2Fmedia&parent=1859"}],"wp:term":[{"taxonomy":"category","embeddable":true,"href":"https:\/\/theodorabauer.at\/index.php?rest_route=%2Fwp%2Fv2%2Fcategories&post=1859"},{"taxonomy":"post_tag","embeddable":true,"href":"https:\/\/theodorabauer.at\/index.php?rest_route=%2Fwp%2Fv2%2Ftags&post=1859"}],"curies":[{"name":"wp","href":"https:\/\/api.w.org\/{rel}","templated":true}]}}