{"id":668,"date":"2017-10-22T14:00:21","date_gmt":"2017-10-22T12:00:21","guid":{"rendered":"http:\/\/theodorabauer.at\/?p=668"},"modified":"2017-10-22T14:00:21","modified_gmt":"2017-10-22T12:00:21","slug":"frankfurter-buchmesse-schnief","status":"publish","type":"post","link":"https:\/\/theodorabauer.at\/?p=668","title":{"rendered":"Frankfurter Buchmesse &#8211; schnief"},"content":{"rendered":"<p>Was so sch\u00f6n und spannungsvoll angefangen hatte, wurde f\u00fcr mich leider recht bald zur eint\u00f6nigen Partie: Die Frankfurter Buchmesse 2017 war f\u00fcr mich nach zwei durchaus anstrengenden Tagen, in denen ich mein Kopfweh auf einen akuten Koffeinmangel zur\u00fcckf\u00fchrte und mit dementsprechend viel Koffein bek\u00e4mpfte, aus Krankheitsgr\u00fcnden leider gelaufen. Meine Lesung musste abgesagt werden und ich hatte bei meinem verbleibenden Aufenthalt viel Gelegenheit, das Hotel recht eingehend von innen zu betrachten. Nichtsdestotrotz, hier ein Sonnenuntergangsbild vom Tag, bevor das Kopfweh und der Schnupfen endg\u00fcltig Oberhand nahmen:<\/p>\n<p>&nbsp;<\/p>\n<figure id=\"attachment_669\" aria-describedby=\"caption-attachment-669\" style=\"width: 848px\" class=\"wp-caption alignnone\"><a href=\"http:\/\/theodorabauer.at\/wp-content\/uploads\/frankfru.jpg\"><img loading=\"lazy\" decoding=\"async\" class=\"size-large wp-image-669\" src=\"http:\/\/theodorabauer.at\/wp-content\/uploads\/frankfru-1024x637.jpg\" alt=\"Frankfurt am Abend\" width=\"848\" height=\"528\" srcset=\"https:\/\/theodorabauer.at\/wp-content\/uploads\/frankfru-1024x637.jpg 1024w, https:\/\/theodorabauer.at\/wp-content\/uploads\/frankfru-300x186.jpg 300w, https:\/\/theodorabauer.at\/wp-content\/uploads\/frankfru.jpg 2048w\" sizes=\"(max-width: 848px) 100vw, 848px\" \/><\/a><figcaption id=\"caption-attachment-669\" class=\"wp-caption-text\">Frankfurt am Abend<\/figcaption><\/figure>\n","protected":false},"excerpt":{"rendered":"<p class=\"excerpt\">Was so sch\u00f6n und spannungsvoll angefangen hatte, wurde f\u00fcr mich leider recht bald zur eint\u00f6nigen Partie: Die Frankfurter Buchmesse 2017 war f\u00fcr mich nach zwei durchaus anstrengenden Tagen, in denen ich mein Kopfweh auf einen akuten Koffeinmangel zur\u00fcckf\u00fchrte und mit dementsprechend viel Koffein bek\u00e4mpfte, aus Krankheitsgr\u00fcnden leider gelaufen. Meine Lesung musste abgesagt werden und ich hatte bei meinem verbleibenden Aufenthalt&hellip; <a href=\"https:\/\/theodorabauer.at\/?p=668\">Read more &rarr;<\/a><\/p>\n","protected":false},"author":2,"featured_media":669,"comment_status":"closed","ping_status":"open","sticky":false,"template":"","format":"standard","meta":{"footnotes":""},"categories":[1],"tags":[],"_links":{"self":[{"href":"https:\/\/theodorabauer.at\/index.php?rest_route=\/wp\/v2\/posts\/668"}],"collection":[{"href":"https:\/\/theodorabauer.at\/index.php?rest_route=\/wp\/v2\/posts"}],"about":[{"href":"https:\/\/theodorabauer.at\/index.php?rest_route=\/wp\/v2\/types\/post"}],"author":[{"embeddable":true,"href":"https:\/\/theodorabauer.at\/index.php?rest_route=\/wp\/v2\/users\/2"}],"replies":[{"embeddable":true,"href":"https:\/\/theodorabauer.at\/index.php?rest_route=%2Fwp%2Fv2%2Fcomments&post=668"}],"version-history":[{"count":1,"href":"https:\/\/theodorabauer.at\/index.php?rest_route=\/wp\/v2\/posts\/668\/revisions"}],"predecessor-version":[{"id":670,"href":"https:\/\/theodorabauer.at\/index.php?rest_route=\/wp\/v2\/posts\/668\/revisions\/670"}],"wp:featuredmedia":[{"embeddable":true,"href":"https:\/\/theodorabauer.at\/index.php?rest_route=\/wp\/v2\/media\/669"}],"wp:attachment":[{"href":"https:\/\/theodorabauer.at\/index.php?rest_route=%2Fwp%2Fv2%2Fmedia&parent=668"}],"wp:term":[{"taxonomy":"category","embeddable":true,"href":"https:\/\/theodorabauer.at\/index.php?rest_route=%2Fwp%2Fv2%2Fcategories&post=668"},{"taxonomy":"post_tag","embeddable":true,"href":"https:\/\/theodorabauer.at\/index.php?rest_route=%2Fwp%2Fv2%2Ftags&post=668"}],"curies":[{"name":"wp","href":"https:\/\/api.w.org\/{rel}","templated":true}]}}