{"id":962,"date":"2018-09-01T13:29:10","date_gmt":"2018-09-01T11:29:10","guid":{"rendered":"http:\/\/theodorabauer.at\/?p=962"},"modified":"2018-09-01T13:29:10","modified_gmt":"2018-09-01T11:29:10","slug":"jugendkulturtage-in-eisenstadt-2018","status":"publish","type":"post","link":"https:\/\/theodorabauer.at\/?p=962","title":{"rendered":"Jugendkulturtage in Eisenstadt 2018"},"content":{"rendered":"<p style=\"text-align: justify;\">Eine volle Woche lang, von 20. bis 25. August, durfte ich mit Jugendlichen intensiv an Texten arbeiten. Trotz der sommerlich hei\u00dfen Temperaturen war die Arbeitsathmosph\u00e4re konzentriert und produktiv, die entstandenen Texte haben mich pers\u00f6nlich sehr beeindruckt.<\/p>\n<figure id=\"attachment_963\" aria-describedby=\"caption-attachment-963\" style=\"width: 848px\" class=\"wp-caption alignnone\"><a href=\"http:\/\/theodorabauer.at\/wp-content\/uploads\/SAM_6529.jpg\"><img loading=\"lazy\" decoding=\"async\" class=\"size-large wp-image-963\" src=\"http:\/\/theodorabauer.at\/wp-content\/uploads\/SAM_6529-1024x683.jpg\" alt=\"Mit den TeilnehmerInnen David Burits, Linda Wagner, Ben Hergovich, Selina Kroyer und Annika Limbach\" width=\"848\" height=\"566\" srcset=\"https:\/\/theodorabauer.at\/wp-content\/uploads\/SAM_6529-1024x683.jpg 1024w, https:\/\/theodorabauer.at\/wp-content\/uploads\/SAM_6529-300x200.jpg 300w\" sizes=\"(max-width: 848px) 100vw, 848px\" \/><\/a><figcaption id=\"caption-attachment-963\" class=\"wp-caption-text\">Mit den TeilnehmerInnen David Burits, Linda Wagner, Ben Hergovich, Selina Kroyer und Annika Limbach<\/figcaption><\/figure>\n<p style=\"text-align: justify;\">Kr\u00f6nender Abschluss der Woche war die Pr\u00e4sentation im E_Cube in Eisenstadt, bei der die Texte gro\u00dfen Anklang gefunden haben.<\/p>\n<p style=\"text-align: center;\">In diesem Sinne: Nur weiter so!<\/p>\n<p style=\"text-align: center;\">***<\/p>\n","protected":false},"excerpt":{"rendered":"<p class=\"excerpt\">Eine volle Woche lang, von 20. bis 25. August, durfte ich mit Jugendlichen intensiv an Texten arbeiten. Trotz der sommerlich hei\u00dfen Temperaturen war die Arbeitsathmosph\u00e4re konzentriert und produktiv, die entstandenen Texte haben mich pers\u00f6nlich sehr beeindruckt. Kr\u00f6nender Abschluss der Woche war die Pr\u00e4sentation im E_Cube in Eisenstadt, bei der die Texte gro\u00dfen Anklang gefunden haben. In diesem Sinne: Nur weiter&hellip; <a href=\"https:\/\/theodorabauer.at\/?p=962\">Read more &rarr;<\/a><\/p>\n","protected":false},"author":2,"featured_media":963,"comment_status":"closed","ping_status":"open","sticky":false,"template":"","format":"standard","meta":{"footnotes":""},"categories":[1],"tags":[],"_links":{"self":[{"href":"https:\/\/theodorabauer.at\/index.php?rest_route=\/wp\/v2\/posts\/962"}],"collection":[{"href":"https:\/\/theodorabauer.at\/index.php?rest_route=\/wp\/v2\/posts"}],"about":[{"href":"https:\/\/theodorabauer.at\/index.php?rest_route=\/wp\/v2\/types\/post"}],"author":[{"embeddable":true,"href":"https:\/\/theodorabauer.at\/index.php?rest_route=\/wp\/v2\/users\/2"}],"replies":[{"embeddable":true,"href":"https:\/\/theodorabauer.at\/index.php?rest_route=%2Fwp%2Fv2%2Fcomments&post=962"}],"version-history":[{"count":1,"href":"https:\/\/theodorabauer.at\/index.php?rest_route=\/wp\/v2\/posts\/962\/revisions"}],"predecessor-version":[{"id":964,"href":"https:\/\/theodorabauer.at\/index.php?rest_route=\/wp\/v2\/posts\/962\/revisions\/964"}],"wp:featuredmedia":[{"embeddable":true,"href":"https:\/\/theodorabauer.at\/index.php?rest_route=\/wp\/v2\/media\/963"}],"wp:attachment":[{"href":"https:\/\/theodorabauer.at\/index.php?rest_route=%2Fwp%2Fv2%2Fmedia&parent=962"}],"wp:term":[{"taxonomy":"category","embeddable":true,"href":"https:\/\/theodorabauer.at\/index.php?rest_route=%2Fwp%2Fv2%2Fcategories&post=962"},{"taxonomy":"post_tag","embeddable":true,"href":"https:\/\/theodorabauer.at\/index.php?rest_route=%2Fwp%2Fv2%2Ftags&post=962"}],"curies":[{"name":"wp","href":"https:\/\/api.w.org\/{rel}","templated":true}]}}